{"id":54754,"date":"2026-03-11T13:01:16","date_gmt":"2026-03-11T13:01:16","guid":{"rendered":"https:\/\/lavozjoven.laorotava.es\/?p=54754"},"modified":"2026-03-11T13:01:16","modified_gmt":"2026-03-11T13:01:16","slug":"arrancan-los-presupuestos-participativos-2026","status":"publish","type":"post","link":"https:\/\/lavozjoven.laorotava.es\/index.php\/2026\/03\/11\/arrancan-los-presupuestos-participativos-2026\/","title":{"rendered":"Arrancan los presupuestos participativos 2026"},"content":{"rendered":"\n<figure class=\"wp-block-embed is-type-video is-provider-youtube wp-block-embed-youtube wp-embed-aspect-16-9 wp-has-aspect-ratio\"><div class=\"wp-block-embed__wrapper\">\n<iframe loading=\"lazy\" title=\"PRESUPUESTOS PARTICIPATIVOS 2026.\" width=\"640\" height=\"360\" src=\"https:\/\/www.youtube.com\/embed\/AuAVip0tQgI?feature=oembed\" frameborder=\"0\" allow=\"accelerometer; autoplay; clipboard-write; encrypted-media; gyroscope; picture-in-picture; web-share\" referrerpolicy=\"strict-origin-when-cross-origin\" allowfullscreen><\/iframe>\n<\/div><\/figure>\n\n\n\n<p class=\"has-pale-cyan-blue-background-color has-background\">Llegan los Presupuestos Participativos 2026! Una forma de participar y decidir sobre c\u00f3mo invertir una parte del presupuesto municipal.  <\/p>\n\n\n\n<p class=\"has-pale-cyan-blue-background-color has-background\">Recuerda que ya est\u00e1 abierto el plazo para votar los Presupuestos Participativos 2026!<br>Punto de votaci\u00f3n presencial ma\u00f1ana jueves 12 de marzo de 10:00h a 18:00h en la Calle de la Carrera.<br><\/p>\n\n\n<div class=\"wp-block-image\">\n<figure class=\"aligncenter size-full is-resized\"><img loading=\"lazy\" decoding=\"async\" width=\"768\" height=\"1023\" src=\"https:\/\/lavozjoven.laorotava.es\/wp-content\/uploads\/2026\/03\/1.jpg\" alt=\"\" class=\"wp-image-54757\" style=\"width:372px;height:auto\" srcset=\"https:\/\/lavozjoven.laorotava.es\/wp-content\/uploads\/2026\/03\/1.jpg 768w, https:\/\/lavozjoven.laorotava.es\/wp-content\/uploads\/2026\/03\/1-225x300.jpg 225w\" sizes=\"auto, (max-width: 768px) 100vw, 768px\" \/><\/figure><\/div>\n\n\n<p class=\"has-text-align-center\"><strong>Votaci\u00f3n online a trav\u00e9s de la web: participacion.laorotava.es hasta el 31 de marzo <\/strong><a href=\"https:\/\/participacion.laorotava.es\/?fbclid=IwY2xjawQeRXFleHRuA2FlbQIxMABicmlkETBqd3VnZDVXZEdrVE1GNUc3c3J0YwZhcHBfaWQQMjIyMDM5MTc4ODIwMDg5MgABHhT6_YJEGuevO3Y8Xt1ai3iQ-X-zn090u9ZGTmqHjy_oxywg4D_VhsiNWgW2_aem_kHmlLosa-UkvV-KsvChDUw\">https:\/\/participacion.laorotava.es\/<\/a><\/p>\n\n\n\n<p class=\"has-text-align-center has-luminous-vivid-amber-background-color has-background has-medium-font-size\"><strong>V\u00eddeo explicativo <\/strong><\/p>\n\n\n\n<p class=\"has-text-align-center\">.<a href=\"https:\/\/www.facebook.com\/share\/r\/14XxbiPJYf1\/\">https:\/\/www.facebook.com\/share\/r\/14XxbiPJYf1\/<\/a><\/p>\n\n\n\n<p><\/p>\n","protected":false},"excerpt":{"rendered":"<p>Llegan los Presupuestos Participativos 2026! Una forma de participar y decidir sobre c\u00f3mo invertir una parte del presupuesto municipal. Recuerda que ya est\u00e1 abierto el plazo para votar los Presupuestos Participativos 2026!Punto de votaci\u00f3n presencial ma\u00f1ana jueves 12 de marzo de 10:00h a 18:00h en la Calle de la Carrera. Votaci\u00f3n online a trav\u00e9s de [&hellip;]<\/p>\n","protected":false},"author":2,"featured_media":54755,"comment_status":"open","ping_status":"open","sticky":false,"template":"","format":"standard","meta":{"footnotes":""},"categories":[17],"tags":[26],"class_list":["post-54754","post","type-post","status-publish","format-standard","has-post-thumbnail","hentry","category-entrevista","tag-entrevista"],"_links":{"self":[{"href":"https:\/\/lavozjoven.laorotava.es\/index.php\/wp-json\/wp\/v2\/posts\/54754","targetHints":{"allow":["GET"]}}],"collection":[{"href":"https:\/\/lavozjoven.laorotava.es\/index.php\/wp-json\/wp\/v2\/posts"}],"about":[{"href":"https:\/\/lavozjoven.laorotava.es\/index.php\/wp-json\/wp\/v2\/types\/post"}],"author":[{"embeddable":true,"href":"https:\/\/lavozjoven.laorotava.es\/index.php\/wp-json\/wp\/v2\/users\/2"}],"replies":[{"embeddable":true,"href":"https:\/\/lavozjoven.laorotava.es\/index.php\/wp-json\/wp\/v2\/comments?post=54754"}],"version-history":[{"count":2,"href":"https:\/\/lavozjoven.laorotava.es\/index.php\/wp-json\/wp\/v2\/posts\/54754\/revisions"}],"predecessor-version":[{"id":54758,"href":"https:\/\/lavozjoven.laorotava.es\/index.php\/wp-json\/wp\/v2\/posts\/54754\/revisions\/54758"}],"wp:featuredmedia":[{"embeddable":true,"href":"https:\/\/lavozjoven.laorotava.es\/index.php\/wp-json\/wp\/v2\/media\/54755"}],"wp:attachment":[{"href":"https:\/\/lavozjoven.laorotava.es\/index.php\/wp-json\/wp\/v2\/media?parent=54754"}],"wp:term":[{"taxonomy":"category","embeddable":true,"href":"https:\/\/lavozjoven.laorotava.es\/index.php\/wp-json\/wp\/v2\/categories?post=54754"},{"taxonomy":"post_tag","embeddable":true,"href":"https:\/\/lavozjoven.laorotava.es\/index.php\/wp-json\/wp\/v2\/tags?post=54754"}],"curies":[{"name":"wp","href":"https:\/\/api.w.org\/{rel}","templated":true}]}}