{"id":54689,"date":"2025-12-10T11:31:58","date_gmt":"2025-12-10T11:31:58","guid":{"rendered":"https:\/\/lavozjoven.laorotava.es\/?p=54689"},"modified":"2025-12-10T11:31:58","modified_gmt":"2025-12-10T11:31:58","slug":"la-xviii-ruta-de-belenes-villa-de-la-orotava-2025","status":"publish","type":"post","link":"https:\/\/lavozjoven.laorotava.es\/index.php\/2025\/12\/10\/la-xviii-ruta-de-belenes-villa-de-la-orotava-2025\/","title":{"rendered":"La XVIII Ruta de Belenes \u2013 Villa de La Orotava 2025"},"content":{"rendered":"\n<figure class=\"wp-block-embed is-type-video is-provider-youtube wp-block-embed-youtube wp-embed-aspect-16-9 wp-has-aspect-ratio\"><div class=\"wp-block-embed__wrapper\">\n<iframe loading=\"lazy\" title=\"La XVIII Ruta de Belenes \u2013 Villa de La Orotava 2025\" width=\"640\" height=\"360\" src=\"https:\/\/www.youtube.com\/embed\/aaqREFBlEMQ?feature=oembed\" frameborder=\"0\" allow=\"accelerometer; autoplay; clipboard-write; encrypted-media; gyroscope; picture-in-picture; web-share\" referrerpolicy=\"strict-origin-when-cross-origin\" allowfullscreen><\/iframe>\n<\/div><\/figure>\n\n\n\n<p class=\"has-pale-cyan-blue-background-color has-background\"><br>En la secci\u00f3n: \u00abVoces del pasado, ecos del presente\u00bb, Diego P\u00e9rez conversa con representantes de la Asociaci\u00f3n Belenista Taoro- Villa de la Orotava. Un recorrido lleno de historia, detalles y la magia de cada rinc\u00f3n de nuestro municipio.<\/p>\n\n\n<div class=\"wp-block-image\">\n<figure class=\"aligncenter size-full is-resized\"><img loading=\"lazy\" decoding=\"async\" width=\"511\" height=\"640\" src=\"https:\/\/lavozjoven.laorotava.es\/wp-content\/uploads\/2025\/12\/1-foto-principal.jpg\" alt=\"\" class=\"wp-image-54692\" style=\"width:531px;height:auto\" srcset=\"https:\/\/lavozjoven.laorotava.es\/wp-content\/uploads\/2025\/12\/1-foto-principal.jpg 511w, https:\/\/lavozjoven.laorotava.es\/wp-content\/uploads\/2025\/12\/1-foto-principal-240x300.jpg 240w\" sizes=\"auto, (max-width: 511px) 100vw, 511px\" \/><\/figure><\/div>","protected":false},"excerpt":{"rendered":"<p>En la secci\u00f3n: \u00abVoces del pasado, ecos del presente\u00bb, Diego P\u00e9rez conversa con representantes de la Asociaci\u00f3n Belenista Taoro- Villa de la Orotava. Un recorrido lleno de historia, detalles y la magia de cada rinc\u00f3n de nuestro municipio.<\/p>\n","protected":false},"author":2,"featured_media":54690,"comment_status":"open","ping_status":"open","sticky":false,"template":"","format":"standard","meta":{"footnotes":""},"categories":[97],"tags":[86],"class_list":["post-54689","post","type-post","status-publish","format-standard","has-post-thumbnail","hentry","category-voces-del-pasado-ecos-del-presente","tag-voces-del-pasado-ecos-del-presente"],"_links":{"self":[{"href":"https:\/\/lavozjoven.laorotava.es\/index.php\/wp-json\/wp\/v2\/posts\/54689","targetHints":{"allow":["GET"]}}],"collection":[{"href":"https:\/\/lavozjoven.laorotava.es\/index.php\/wp-json\/wp\/v2\/posts"}],"about":[{"href":"https:\/\/lavozjoven.laorotava.es\/index.php\/wp-json\/wp\/v2\/types\/post"}],"author":[{"embeddable":true,"href":"https:\/\/lavozjoven.laorotava.es\/index.php\/wp-json\/wp\/v2\/users\/2"}],"replies":[{"embeddable":true,"href":"https:\/\/lavozjoven.laorotava.es\/index.php\/wp-json\/wp\/v2\/comments?post=54689"}],"version-history":[{"count":3,"href":"https:\/\/lavozjoven.laorotava.es\/index.php\/wp-json\/wp\/v2\/posts\/54689\/revisions"}],"predecessor-version":[{"id":54694,"href":"https:\/\/lavozjoven.laorotava.es\/index.php\/wp-json\/wp\/v2\/posts\/54689\/revisions\/54694"}],"wp:featuredmedia":[{"embeddable":true,"href":"https:\/\/lavozjoven.laorotava.es\/index.php\/wp-json\/wp\/v2\/media\/54690"}],"wp:attachment":[{"href":"https:\/\/lavozjoven.laorotava.es\/index.php\/wp-json\/wp\/v2\/media?parent=54689"}],"wp:term":[{"taxonomy":"category","embeddable":true,"href":"https:\/\/lavozjoven.laorotava.es\/index.php\/wp-json\/wp\/v2\/categories?post=54689"},{"taxonomy":"post_tag","embeddable":true,"href":"https:\/\/lavozjoven.laorotava.es\/index.php\/wp-json\/wp\/v2\/tags?post=54689"}],"curies":[{"name":"wp","href":"https:\/\/api.w.org\/{rel}","templated":true}]}}