{"id":54596,"date":"2025-10-22T13:22:43","date_gmt":"2025-10-22T13:22:43","guid":{"rendered":"https:\/\/lavozjoven.laorotava.es\/?p=54596"},"modified":"2025-10-22T13:22:43","modified_gmt":"2025-10-22T13:22:43","slug":"las-nanovesiculas-que-curan-con-miriam-morales-rodriguez-de-lope","status":"publish","type":"post","link":"https:\/\/lavozjoven.laorotava.es\/index.php\/2025\/10\/22\/las-nanovesiculas-que-curan-con-miriam-morales-rodriguez-de-lope\/","title":{"rendered":"LAS NANOVES\u00cdCULAS QUE CURAN, CON MIRIAM MORALES RODR\u00cdGUEZ DE LOPE."},"content":{"rendered":"\n<figure class=\"wp-block-embed is-type-video is-provider-youtube wp-block-embed-youtube wp-embed-aspect-16-9 wp-has-aspect-ratio\"><div class=\"wp-block-embed__wrapper\">\n<iframe loading=\"lazy\" title=\"LAS NANOVES\u00cdCULAS QUE CURAN, CON MIRIAM MORALES RODR\u00cdGUEZ DE LOPE.\" width=\"640\" height=\"360\" src=\"https:\/\/www.youtube.com\/embed\/l4C_8nReXIE?feature=oembed\" frameborder=\"0\" allow=\"accelerometer; autoplay; clipboard-write; encrypted-media; gyroscope; picture-in-picture; web-share\" referrerpolicy=\"strict-origin-when-cross-origin\" allowfullscreen><\/iframe>\n<\/div><\/figure>\n\n\n\n<p class=\"has-pale-cyan-blue-background-color has-background\">En este programa de Radio La Voz Joven, la biotecn\u00f3loga Miriam Morales es entrevistada por Laura Hern\u00e1ndez (Ciencias Ambientales), sobre sus estudios en el campo de la biolog\u00eda celular. Profundizan en las ves\u00edculas extracelulares y lo que pueden hacer por la salud humana. Todo esto en el marco del 35 Seminario Orotava de Historia de la Ciencia realizado por \u00abFUNDORO\u00bb. <\/p>\n","protected":false},"excerpt":{"rendered":"<p>En este programa de Radio La Voz Joven, la biotecn\u00f3loga Miriam Morales es entrevistada por Laura Hern\u00e1ndez (Ciencias Ambientales), sobre sus estudios en el campo de la biolog\u00eda celular. Profundizan en las ves\u00edculas extracelulares y lo que pueden hacer por la salud humana. Todo esto en el marco del 35 Seminario Orotava de Historia de [&hellip;]<\/p>\n","protected":false},"author":2,"featured_media":54597,"comment_status":"open","ping_status":"open","sticky":false,"template":"","format":"standard","meta":{"footnotes":""},"categories":[18],"tags":[20,87],"class_list":["post-54596","post","type-post","status-publish","format-standard","has-post-thumbnail","hentry","category-fundoro","tag-fundoro","tag-laura-hernandez"],"_links":{"self":[{"href":"https:\/\/lavozjoven.laorotava.es\/index.php\/wp-json\/wp\/v2\/posts\/54596","targetHints":{"allow":["GET"]}}],"collection":[{"href":"https:\/\/lavozjoven.laorotava.es\/index.php\/wp-json\/wp\/v2\/posts"}],"about":[{"href":"https:\/\/lavozjoven.laorotava.es\/index.php\/wp-json\/wp\/v2\/types\/post"}],"author":[{"embeddable":true,"href":"https:\/\/lavozjoven.laorotava.es\/index.php\/wp-json\/wp\/v2\/users\/2"}],"replies":[{"embeddable":true,"href":"https:\/\/lavozjoven.laorotava.es\/index.php\/wp-json\/wp\/v2\/comments?post=54596"}],"version-history":[{"count":9,"href":"https:\/\/lavozjoven.laorotava.es\/index.php\/wp-json\/wp\/v2\/posts\/54596\/revisions"}],"predecessor-version":[{"id":54607,"href":"https:\/\/lavozjoven.laorotava.es\/index.php\/wp-json\/wp\/v2\/posts\/54596\/revisions\/54607"}],"wp:featuredmedia":[{"embeddable":true,"href":"https:\/\/lavozjoven.laorotava.es\/index.php\/wp-json\/wp\/v2\/media\/54597"}],"wp:attachment":[{"href":"https:\/\/lavozjoven.laorotava.es\/index.php\/wp-json\/wp\/v2\/media?parent=54596"}],"wp:term":[{"taxonomy":"category","embeddable":true,"href":"https:\/\/lavozjoven.laorotava.es\/index.php\/wp-json\/wp\/v2\/categories?post=54596"},{"taxonomy":"post_tag","embeddable":true,"href":"https:\/\/lavozjoven.laorotava.es\/index.php\/wp-json\/wp\/v2\/tags?post=54596"}],"curies":[{"name":"wp","href":"https:\/\/api.w.org\/{rel}","templated":true}]}}