{"id":54451,"date":"2025-05-09T17:26:25","date_gmt":"2025-05-09T17:26:25","guid":{"rendered":"https:\/\/lavozjoven.laorotava.es\/?p=54451"},"modified":"2025-05-09T17:26:25","modified_gmt":"2025-05-09T17:26:25","slug":"los-50-anos-del-ceip-sta-teresa-de-jesus-de-la-perdoma-y-la-medalla-de-oro-recibida-por-parte-del-ayuntamiento-de-la-orotava","status":"publish","type":"post","link":"https:\/\/lavozjoven.laorotava.es\/index.php\/2025\/05\/09\/los-50-anos-del-ceip-sta-teresa-de-jesus-de-la-perdoma-y-la-medalla-de-oro-recibida-por-parte-del-ayuntamiento-de-la-orotava\/","title":{"rendered":"LOS 50 A\u00d1OS DEL \u00abCEIP STA.TERESA DE JES\u00daS\u00bb DE LA PERDOMA, Y LA MEDALLA DE ORO RECIBIDA POR PARTE DEL AYUNTAMIENTO DE LA OROTAVA"},"content":{"rendered":"\n<figure class=\"wp-block-embed is-type-video is-provider-youtube wp-block-embed-youtube wp-embed-aspect-16-9 wp-has-aspect-ratio\"><div class=\"wp-block-embed__wrapper\">\n<iframe loading=\"lazy\" title=\"LOS 50 A\u00d1OS DEL &quot;CEIP STA.TERESA DE JES\u00daS&quot; DE LA PERDOMA, Y LA MEDALLA DE ORO AYUNTAMIENTO  OROTAVA\" width=\"640\" height=\"360\" src=\"https:\/\/www.youtube.com\/embed\/gINPzMRZWpk?feature=oembed\" frameborder=\"0\" allow=\"accelerometer; autoplay; clipboard-write; encrypted-media; gyroscope; picture-in-picture; web-share\" referrerpolicy=\"strict-origin-when-cross-origin\" allowfullscreen><\/iframe>\n<\/div><\/figure>\n\n\n\n<p class=\"has-pale-cyan-blue-background-color has-background\">El director del centro Jes\u00fas Mart\u00edn, as\u00ed como su Jefa de Estudios Cristina Lorenzo, junto a Dar\u00edo Afonso, antiguo alumno y actual concejal de Juventud, junto al alumnado: Daniel Labrador, Hindara Ravelo y Edgar Morales, conversan sobre este tema con nuestro periodista Diego P\u00e9rez (1\u00b0 Bachillerato) dentro de su secci\u00f3n patrimonial: \u00abVoces del pasado, ecos del presente\u00bb.<\/p>\n\n\n\n<p><\/p>\n\n\n\n<p><\/p>\n","protected":false},"excerpt":{"rendered":"<p>El director del centro Jes\u00fas Mart\u00edn, as\u00ed como su Jefa de Estudios Cristina Lorenzo, junto a Dar\u00edo Afonso, antiguo alumno y actual concejal de Juventud, junto al alumnado: Daniel Labrador, Hindara Ravelo y Edgar Morales, conversan sobre este tema con nuestro periodista Diego P\u00e9rez (1\u00b0 Bachillerato) dentro de su secci\u00f3n patrimonial: \u00abVoces del pasado, ecos [&hellip;]<\/p>\n","protected":false},"author":2,"featured_media":54452,"comment_status":"open","ping_status":"open","sticky":false,"template":"","format":"standard","meta":{"footnotes":""},"categories":[1,97],"tags":[86],"class_list":["post-54451","post","type-post","status-publish","format-standard","has-post-thumbnail","hentry","category-sin-categoria","category-voces-del-pasado-ecos-del-presente","tag-voces-del-pasado-ecos-del-presente"],"_links":{"self":[{"href":"https:\/\/lavozjoven.laorotava.es\/index.php\/wp-json\/wp\/v2\/posts\/54451","targetHints":{"allow":["GET"]}}],"collection":[{"href":"https:\/\/lavozjoven.laorotava.es\/index.php\/wp-json\/wp\/v2\/posts"}],"about":[{"href":"https:\/\/lavozjoven.laorotava.es\/index.php\/wp-json\/wp\/v2\/types\/post"}],"author":[{"embeddable":true,"href":"https:\/\/lavozjoven.laorotava.es\/index.php\/wp-json\/wp\/v2\/users\/2"}],"replies":[{"embeddable":true,"href":"https:\/\/lavozjoven.laorotava.es\/index.php\/wp-json\/wp\/v2\/comments?post=54451"}],"version-history":[{"count":2,"href":"https:\/\/lavozjoven.laorotava.es\/index.php\/wp-json\/wp\/v2\/posts\/54451\/revisions"}],"predecessor-version":[{"id":54454,"href":"https:\/\/lavozjoven.laorotava.es\/index.php\/wp-json\/wp\/v2\/posts\/54451\/revisions\/54454"}],"wp:featuredmedia":[{"embeddable":true,"href":"https:\/\/lavozjoven.laorotava.es\/index.php\/wp-json\/wp\/v2\/media\/54452"}],"wp:attachment":[{"href":"https:\/\/lavozjoven.laorotava.es\/index.php\/wp-json\/wp\/v2\/media?parent=54451"}],"wp:term":[{"taxonomy":"category","embeddable":true,"href":"https:\/\/lavozjoven.laorotava.es\/index.php\/wp-json\/wp\/v2\/categories?post=54451"},{"taxonomy":"post_tag","embeddable":true,"href":"https:\/\/lavozjoven.laorotava.es\/index.php\/wp-json\/wp\/v2\/tags?post=54451"}],"curies":[{"name":"wp","href":"https:\/\/api.w.org\/{rel}","templated":true}]}}