{"id":54301,"date":"2025-01-28T15:29:44","date_gmt":"2025-01-28T15:29:44","guid":{"rendered":"https:\/\/lavozjoven.laorotava.es\/?p=54301"},"modified":"2025-01-28T15:29:44","modified_gmt":"2025-01-28T15:29:44","slug":"ernesto-rocio-creador-del-cartel-del-carnaval-2025-de-la-villa-de-la-orotava-en-la-voz-joven","status":"publish","type":"post","link":"https:\/\/lavozjoven.laorotava.es\/index.php\/2025\/01\/28\/ernesto-rocio-creador-del-cartel-del-carnaval-2025-de-la-villa-de-la-orotava-en-la-voz-joven\/","title":{"rendered":"ERNESTO ROC\u00cdO, CREADOR DEL CARTEL DEL CARNAVAL 2025 DE LA VILLA DE LA OROTAVA, EN \u00abLA VOZ JOVEN\u00bb"},"content":{"rendered":"\n<figure class=\"wp-block-embed is-type-video is-provider-youtube wp-block-embed-youtube wp-embed-aspect-16-9 wp-has-aspect-ratio\"><div class=\"wp-block-embed__wrapper\">\n<iframe loading=\"lazy\" title=\"ERNESTO ROC\u00cdO, CREADOR DEL CARTEL DEL CARNAVAL 2025 DE LA VILLA DE LA OROTAVA, EN LA VOZ JOVEN\" width=\"640\" height=\"360\" src=\"https:\/\/www.youtube.com\/embed\/TXmGVz-v6sc?feature=oembed\" frameborder=\"0\" allow=\"accelerometer; autoplay; clipboard-write; encrypted-media; gyroscope; picture-in-picture; web-share\" referrerpolicy=\"strict-origin-when-cross-origin\" allowfullscreen><\/iframe>\n<\/div><\/figure>\n\n\n\n<p class=\"has-pale-cyan-blue-background-color has-background\">Ernesto Roc\u00edo (19 a\u00f1os), el genial dise\u00f1ador del gal\u00e1ctico cartel del Carnaval de la Villa de La Orotava 2025, es entrevistado por Aitana P\u00e9rez (15 a\u00f1os), de Radio \u00abLa Voz Joven\u00bb. Una conversa entre j\u00f3venes, pues Ernesto cursa actualmente Marketing, habiendo estudiado previamente en los Salesianos y en el IES Villalba Herv\u00e1s, mientras Aitana es alumna de 4\u00b0ESO en el Colegio La Pureza. Imposible entrevistar a Ernesto y no hablar tambi\u00e9n de su abuelo, Jes\u00fas Roc\u00edo y su libro recientemente editado: \u00abBuscando en el ba\u00fal de los recuerdos\u00bb<\/p>\n\n\n<div class=\"wp-block-image\">\n<figure class=\"aligncenter size-large\"><img loading=\"lazy\" decoding=\"async\" width=\"683\" height=\"1024\" src=\"https:\/\/lavozjoven.laorotava.es\/wp-content\/uploads\/2025\/01\/475154071_122157832676328853_1568016923597114396_n-683x1024.jpg\" alt=\"\" class=\"wp-image-54303\" srcset=\"https:\/\/lavozjoven.laorotava.es\/wp-content\/uploads\/2025\/01\/475154071_122157832676328853_1568016923597114396_n-683x1024.jpg 683w, https:\/\/lavozjoven.laorotava.es\/wp-content\/uploads\/2025\/01\/475154071_122157832676328853_1568016923597114396_n-200x300.jpg 200w, https:\/\/lavozjoven.laorotava.es\/wp-content\/uploads\/2025\/01\/475154071_122157832676328853_1568016923597114396_n-768x1152.jpg 768w, https:\/\/lavozjoven.laorotava.es\/wp-content\/uploads\/2025\/01\/475154071_122157832676328853_1568016923597114396_n.jpg 960w\" sizes=\"auto, (max-width: 683px) 100vw, 683px\" \/><\/figure><\/div>\n\n\n<hr class=\"wp-block-separator has-alpha-channel-opacity\"\/>\n\n\n\n<p><\/p>\n","protected":false},"excerpt":{"rendered":"<p>Ernesto Roc\u00edo (19 a\u00f1os), el genial dise\u00f1ador del gal\u00e1ctico cartel del Carnaval de la Villa de La Orotava 2025, es entrevistado por Aitana P\u00e9rez (15 a\u00f1os), de Radio \u00abLa Voz Joven\u00bb. Una conversa entre j\u00f3venes, pues Ernesto cursa actualmente Marketing, habiendo estudiado previamente en los Salesianos y en el IES Villalba Herv\u00e1s, mientras Aitana es [&hellip;]<\/p>\n","protected":false},"author":2,"featured_media":54302,"comment_status":"open","ping_status":"open","sticky":false,"template":"","format":"standard","meta":{"footnotes":""},"categories":[68],"tags":[74,75],"class_list":["post-54301","post","type-post","status-publish","format-standard","has-post-thumbnail","hentry","category-aitana-perez","tag-aitana-perez","tag-cartel-del-carnaval-de-la-villa-de-la-orotava-2025"],"_links":{"self":[{"href":"https:\/\/lavozjoven.laorotava.es\/index.php\/wp-json\/wp\/v2\/posts\/54301","targetHints":{"allow":["GET"]}}],"collection":[{"href":"https:\/\/lavozjoven.laorotava.es\/index.php\/wp-json\/wp\/v2\/posts"}],"about":[{"href":"https:\/\/lavozjoven.laorotava.es\/index.php\/wp-json\/wp\/v2\/types\/post"}],"author":[{"embeddable":true,"href":"https:\/\/lavozjoven.laorotava.es\/index.php\/wp-json\/wp\/v2\/users\/2"}],"replies":[{"embeddable":true,"href":"https:\/\/lavozjoven.laorotava.es\/index.php\/wp-json\/wp\/v2\/comments?post=54301"}],"version-history":[{"count":1,"href":"https:\/\/lavozjoven.laorotava.es\/index.php\/wp-json\/wp\/v2\/posts\/54301\/revisions"}],"predecessor-version":[{"id":54304,"href":"https:\/\/lavozjoven.laorotava.es\/index.php\/wp-json\/wp\/v2\/posts\/54301\/revisions\/54304"}],"wp:featuredmedia":[{"embeddable":true,"href":"https:\/\/lavozjoven.laorotava.es\/index.php\/wp-json\/wp\/v2\/media\/54302"}],"wp:attachment":[{"href":"https:\/\/lavozjoven.laorotava.es\/index.php\/wp-json\/wp\/v2\/media?parent=54301"}],"wp:term":[{"taxonomy":"category","embeddable":true,"href":"https:\/\/lavozjoven.laorotava.es\/index.php\/wp-json\/wp\/v2\/categories?post=54301"},{"taxonomy":"post_tag","embeddable":true,"href":"https:\/\/lavozjoven.laorotava.es\/index.php\/wp-json\/wp\/v2\/tags?post=54301"}],"curies":[{"name":"wp","href":"https:\/\/api.w.org\/{rel}","templated":true}]}}