{"id":54238,"date":"2024-12-09T13:43:40","date_gmt":"2024-12-09T13:43:40","guid":{"rendered":"https:\/\/lavozjoven.laorotava.es\/?p=54238"},"modified":"2024-12-09T13:55:47","modified_gmt":"2024-12-09T13:55:47","slug":"presentacion-de-la-manuelina-la-nueva-revista-del-tesoro-de-la-iglesia-de-ntra-sra-de-la-concepcion-de-la-orotava","status":"publish","type":"post","link":"https:\/\/lavozjoven.laorotava.es\/index.php\/2024\/12\/09\/presentacion-de-la-manuelina-la-nueva-revista-del-tesoro-de-la-iglesia-de-ntra-sra-de-la-concepcion-de-la-orotava\/","title":{"rendered":"PRESENTACI\u00d3N DE \u00abLA MANUELINA\u00bb, LA NUEVA REVISTA DEL TESORO DE LA IGLESIA DE NTRA. SRA. DE LA CONCEPCI\u00d3N DE LA OROTAVA."},"content":{"rendered":"\n<figure class=\"wp-block-embed is-type-video is-provider-youtube wp-block-embed-youtube wp-embed-aspect-16-9 wp-has-aspect-ratio\"><div class=\"wp-block-embed__wrapper\">\n<iframe loading=\"lazy\" title=\"PRESENTACI\u00d3N DE LA MANUELINA, LA NUEVA REVISTA DEL TESORO DE LA IGLESIA DE NTRA SRA DE LA CONCEPCI\u00d3N\" width=\"640\" height=\"360\" src=\"https:\/\/www.youtube.com\/embed\/um8YwdlATHA?feature=oembed\" frameborder=\"0\" allow=\"accelerometer; autoplay; clipboard-write; encrypted-media; gyroscope; picture-in-picture; web-share\" referrerpolicy=\"strict-origin-when-cross-origin\" allowfullscreen><\/iframe>\n<\/div><\/figure>\n\n\n\n<p class=\"has-pale-cyan-blue-background-color has-background\">\u00abLa Manuelina\u00bb es una revista anual de la Colecci\u00f3n Museogr\u00e1fica El Tesoro de la Concepci\u00f3n. Naci\u00f3 en 2023 con el prop\u00f3sito de difundir investigaciones, actividades y conocimientos sobre el arte y el patrimonio canario, destacando la importancia de la conservaci\u00f3n y la educaci\u00f3n cultural.<\/p>\n\n\n\n<p class=\"has-pale-cyan-blue-background-color has-background\">DIEGO P\u00c9REZ en su secci\u00f3n sobre&nbsp; patrimonio: \u00abEcos del pasado, voces del presente\u00bb, entrevista en este programa multimedia a ALEJANDRO HERN\u00c1NDEZ, joven escultor y representante de la directiva del museo y a ANDREA SOCAS, dise\u00f1adora gr\u00e1fica de la revista.<\/p>\n\n\n\n<p><\/p>\n","protected":false},"excerpt":{"rendered":"<p>\u00abLa Manuelina\u00bb es una revista anual de la Colecci\u00f3n Museogr\u00e1fica El Tesoro de la Concepci\u00f3n. Naci\u00f3 en 2023 con el prop\u00f3sito de difundir investigaciones, actividades y conocimientos sobre el arte y el patrimonio canario, destacando la importancia de la conservaci\u00f3n y la educaci\u00f3n cultural. DIEGO P\u00c9REZ en su secci\u00f3n sobre&nbsp; patrimonio: \u00abEcos del pasado, voces [&hellip;]<\/p>\n","protected":false},"author":2,"featured_media":54239,"comment_status":"open","ping_status":"open","sticky":false,"template":"","format":"standard","meta":{"footnotes":""},"categories":[40,61],"tags":[41,63,60],"class_list":["post-54238","post","type-post","status-publish","format-standard","has-post-thumbnail","hentry","category-diego-perez","category-ecos-del-pasado-voces-del-presente","tag-diego-perez","tag-ecos-del-pasado-voces-del-presente","tag-patrimonio"],"_links":{"self":[{"href":"https:\/\/lavozjoven.laorotava.es\/index.php\/wp-json\/wp\/v2\/posts\/54238","targetHints":{"allow":["GET"]}}],"collection":[{"href":"https:\/\/lavozjoven.laorotava.es\/index.php\/wp-json\/wp\/v2\/posts"}],"about":[{"href":"https:\/\/lavozjoven.laorotava.es\/index.php\/wp-json\/wp\/v2\/types\/post"}],"author":[{"embeddable":true,"href":"https:\/\/lavozjoven.laorotava.es\/index.php\/wp-json\/wp\/v2\/users\/2"}],"replies":[{"embeddable":true,"href":"https:\/\/lavozjoven.laorotava.es\/index.php\/wp-json\/wp\/v2\/comments?post=54238"}],"version-history":[{"count":1,"href":"https:\/\/lavozjoven.laorotava.es\/index.php\/wp-json\/wp\/v2\/posts\/54238\/revisions"}],"predecessor-version":[{"id":54240,"href":"https:\/\/lavozjoven.laorotava.es\/index.php\/wp-json\/wp\/v2\/posts\/54238\/revisions\/54240"}],"wp:featuredmedia":[{"embeddable":true,"href":"https:\/\/lavozjoven.laorotava.es\/index.php\/wp-json\/wp\/v2\/media\/54239"}],"wp:attachment":[{"href":"https:\/\/lavozjoven.laorotava.es\/index.php\/wp-json\/wp\/v2\/media?parent=54238"}],"wp:term":[{"taxonomy":"category","embeddable":true,"href":"https:\/\/lavozjoven.laorotava.es\/index.php\/wp-json\/wp\/v2\/categories?post=54238"},{"taxonomy":"post_tag","embeddable":true,"href":"https:\/\/lavozjoven.laorotava.es\/index.php\/wp-json\/wp\/v2\/tags?post=54238"}],"curies":[{"name":"wp","href":"https:\/\/api.w.org\/{rel}","templated":true}]}}