{"id":54200,"date":"2024-10-09T12:09:00","date_gmt":"2024-10-09T12:09:00","guid":{"rendered":"https:\/\/lavozjoven.laorotava.es\/?p=54200"},"modified":"2024-10-11T16:20:05","modified_gmt":"2024-10-11T16:20:05","slug":"fundoro-y-los-jovenes-nueva-etapa-y-nuevo-ciclo-de-conferencias-con-la-isla-de-el-hierro-al-fondo","status":"publish","type":"post","link":"https:\/\/lavozjoven.laorotava.es\/index.php\/2024\/10\/09\/fundoro-y-los-jovenes-nueva-etapa-y-nuevo-ciclo-de-conferencias-con-la-isla-de-el-hierro-al-fondo\/","title":{"rendered":"FUNDORO Y LOS J\u00d3VENES: NUEVA ETAPA Y NUEVO CICLO DE CONFERENCIAS CON LA ISLA DE EL HIERRO AL FONDO."},"content":{"rendered":"\n<figure class=\"wp-block-embed is-type-video is-provider-youtube wp-block-embed-youtube wp-embed-aspect-16-9 wp-has-aspect-ratio\"><div class=\"wp-block-embed__wrapper\">\n<iframe loading=\"lazy\" title=\"FUNDORO Y LOS J\u00d3VENES NUEVA ETAPA Y NUEVO CICLO DE CONFERENCIAS CON LA ISLA DE EL HIERRO AL FONDO\" width=\"640\" height=\"360\" src=\"https:\/\/www.youtube.com\/embed\/iW1mALE9f70?feature=oembed\" frameborder=\"0\" allow=\"accelerometer; autoplay; clipboard-write; encrypted-media; gyroscope; picture-in-picture; web-share\" referrerpolicy=\"strict-origin-when-cross-origin\" allowfullscreen><\/iframe>\n<\/div><\/figure>\n\n\n\n<p class=\"has-text-align-left has-pale-cyan-blue-background-color has-background\">Antonio Hern\u00e1ndez, nuevo director de Fundoro e Ignacio Rodr\u00edguez, coordinador de actividades de la fundaci\u00f3n, son entrevistados por Laura Hern\u00e1ndez  (Ciencias Ambientales) de Radio La Voz Joven. Conversan sobre la nueva etapa que comienza, el Seminario de conferencias cient\u00edficas para este ejercicio 2024\/25 y la pr\u00f3xima visita a la isla del Meridiano Cero \u00abacompa\u00f1ados\u00bb del P. Louis Feuill\u00e9e.<\/p>\n\n\n\n<p class=\"has-text-align-center has-black-color has-luminous-vivid-amber-background-color has-text-color has-background has-link-color has-medium-font-size wp-elements-b726293e4ca73947aae5264396aac27d\"><strong><em><a href=\"https:\/\/fundacionorotava.org\/lyell\/enlaces-web\/\">Enlaces de inter\u00e9s<\/a> <\/em><\/strong><\/p>\n\n\n\n<p class=\"has-text-align-center\"><\/p>\n\n\n<div class=\"wp-block-image\">\n<figure class=\"aligncenter size-large is-resized\"><a href=\"https:\/\/fundacionorotava.org\/\"><img loading=\"lazy\" decoding=\"async\" width=\"1024\" height=\"371\" src=\"https:\/\/lavozjoven.laorotava.es\/wp-content\/uploads\/2024\/10\/page8__logo_fundoro_azul-1024x371.jpg\" alt=\"\" class=\"wp-image-54204\" style=\"width:464px;height:auto\" srcset=\"https:\/\/lavozjoven.laorotava.es\/wp-content\/uploads\/2024\/10\/page8__logo_fundoro_azul-1024x371.jpg 1024w, https:\/\/lavozjoven.laorotava.es\/wp-content\/uploads\/2024\/10\/page8__logo_fundoro_azul-300x109.jpg 300w, https:\/\/lavozjoven.laorotava.es\/wp-content\/uploads\/2024\/10\/page8__logo_fundoro_azul-768x279.jpg 768w, https:\/\/lavozjoven.laorotava.es\/wp-content\/uploads\/2024\/10\/page8__logo_fundoro_azul.jpg 1500w\" sizes=\"auto, (max-width: 1024px) 100vw, 1024px\" \/><\/a><\/figure><\/div>\n\n\n<hr class=\"wp-block-separator has-alpha-channel-opacity\"\/>\n","protected":false},"excerpt":{"rendered":"<p>Antonio Hern\u00e1ndez, nuevo director de Fundoro e Ignacio Rodr\u00edguez, coordinador de actividades de la fundaci\u00f3n, son entrevistados por Laura Hern\u00e1ndez (Ciencias Ambientales) de Radio La Voz Joven. Conversan sobre la nueva etapa que comienza, el Seminario de conferencias cient\u00edficas para este ejercicio 2024\/25 y la pr\u00f3xima visita a la isla del Meridiano Cero \u00abacompa\u00f1ados\u00bb del [&hellip;]<\/p>\n","protected":false},"author":2,"featured_media":54202,"comment_status":"open","ping_status":"open","sticky":false,"template":"","format":"standard","meta":{"footnotes":""},"categories":[18],"tags":[20],"class_list":["post-54200","post","type-post","status-publish","format-standard","has-post-thumbnail","hentry","category-fundoro","tag-fundoro"],"_links":{"self":[{"href":"https:\/\/lavozjoven.laorotava.es\/index.php\/wp-json\/wp\/v2\/posts\/54200","targetHints":{"allow":["GET"]}}],"collection":[{"href":"https:\/\/lavozjoven.laorotava.es\/index.php\/wp-json\/wp\/v2\/posts"}],"about":[{"href":"https:\/\/lavozjoven.laorotava.es\/index.php\/wp-json\/wp\/v2\/types\/post"}],"author":[{"embeddable":true,"href":"https:\/\/lavozjoven.laorotava.es\/index.php\/wp-json\/wp\/v2\/users\/2"}],"replies":[{"embeddable":true,"href":"https:\/\/lavozjoven.laorotava.es\/index.php\/wp-json\/wp\/v2\/comments?post=54200"}],"version-history":[{"count":5,"href":"https:\/\/lavozjoven.laorotava.es\/index.php\/wp-json\/wp\/v2\/posts\/54200\/revisions"}],"predecessor-version":[{"id":54216,"href":"https:\/\/lavozjoven.laorotava.es\/index.php\/wp-json\/wp\/v2\/posts\/54200\/revisions\/54216"}],"wp:featuredmedia":[{"embeddable":true,"href":"https:\/\/lavozjoven.laorotava.es\/index.php\/wp-json\/wp\/v2\/media\/54202"}],"wp:attachment":[{"href":"https:\/\/lavozjoven.laorotava.es\/index.php\/wp-json\/wp\/v2\/media?parent=54200"}],"wp:term":[{"taxonomy":"category","embeddable":true,"href":"https:\/\/lavozjoven.laorotava.es\/index.php\/wp-json\/wp\/v2\/categories?post=54200"},{"taxonomy":"post_tag","embeddable":true,"href":"https:\/\/lavozjoven.laorotava.es\/index.php\/wp-json\/wp\/v2\/tags?post=54200"}],"curies":[{"name":"wp","href":"https:\/\/api.w.org\/{rel}","templated":true}]}}