{"id":54143,"date":"2024-07-31T10:22:49","date_gmt":"2024-07-31T10:22:49","guid":{"rendered":"https:\/\/lavozjoven.laorotava.es\/?p=54143"},"modified":"2024-07-31T10:22:49","modified_gmt":"2024-07-31T10:22:49","slug":"la-casa-amarilla-del-puerto-de-la-cruz-tenerife-primer-centro-primatologico-del-mundo","status":"publish","type":"post","link":"https:\/\/lavozjoven.laorotava.es\/index.php\/2024\/07\/31\/la-casa-amarilla-del-puerto-de-la-cruz-tenerife-primer-centro-primatologico-del-mundo\/","title":{"rendered":"LA CASA AMARILLA DEL PUERTO DE LA CRUZ (TENERIFE): PRIMER CENTRO PRIMATOL\u00d3GICO DEL MUNDO"},"content":{"rendered":"\n<figure class=\"wp-block-embed aligncenter is-type-video is-provider-youtube wp-block-embed-youtube wp-embed-aspect-16-9 wp-has-aspect-ratio\"><div class=\"wp-block-embed__wrapper\">\n<iframe loading=\"lazy\" title=\"LA CASA AMARILLA DEL PUERTO DE LA CRUZ TENERIFE PRIMER CENTRO PRIMATOL\u00d3GICO DEL MUNDO\" width=\"640\" height=\"360\" src=\"https:\/\/www.youtube.com\/embed\/y3qZr6Lb8TM?feature=oembed\" frameborder=\"0\" allow=\"accelerometer; autoplay; clipboard-write; encrypted-media; gyroscope; picture-in-picture; web-share\" referrerpolicy=\"strict-origin-when-cross-origin\" allowfullscreen><\/iframe>\n<\/div><\/figure>\n\n\n\n<p class=\"has-pale-cyan-blue-background-color has-background\">Dentro de la secci\u00f3n: \u00abFundoro\u00a0 los j\u00f3venes y la ciencia en las ondas\u00bb, ALBERTO RELANCIO,\u00a0 Doctor en Filosof\u00eda y coordinador de la did\u00e1ctica m\u00e1s la digitalizaci\u00f3n en Fundoro, y especialista y buen conocedor del tema, es entrevistado por Agapito de Cruz, de Radio La Voz Joven, sobre el que fuera el primer centro de investigaci\u00f3n de primates all\u00e1 por 1913. La historia y los avatares sufridos por la conocida como \u00abCasa Amarilla\u00bb y su desastrosa situaci\u00f3n actual. Una monada de programa si no fuera por el institucional olvido con este patrimonio cient\u00edfico e hist\u00f3rico.<\/p>\n\n\n<div class=\"wp-block-image\">\n<figure class=\"aligncenter size-large\"><img loading=\"lazy\" decoding=\"async\" width=\"1024\" height=\"1024\" src=\"https:\/\/lavozjoven.laorotava.es\/wp-content\/uploads\/2024\/07\/img-20240718-wa0008-1024x1024.jpg\" alt=\"\" class=\"wp-image-54145\" srcset=\"https:\/\/lavozjoven.laorotava.es\/wp-content\/uploads\/2024\/07\/img-20240718-wa0008-1024x1024.jpg 1024w, https:\/\/lavozjoven.laorotava.es\/wp-content\/uploads\/2024\/07\/img-20240718-wa0008-300x300.jpg 300w, https:\/\/lavozjoven.laorotava.es\/wp-content\/uploads\/2024\/07\/img-20240718-wa0008-150x150.jpg 150w, https:\/\/lavozjoven.laorotava.es\/wp-content\/uploads\/2024\/07\/img-20240718-wa0008-768x768.jpg 768w, https:\/\/lavozjoven.laorotava.es\/wp-content\/uploads\/2024\/07\/img-20240718-wa0008-1536x1536.jpg 1536w, https:\/\/lavozjoven.laorotava.es\/wp-content\/uploads\/2024\/07\/img-20240718-wa0008.jpg 2048w\" sizes=\"auto, (max-width: 1024px) 100vw, 1024px\" \/><\/figure><\/div>\n\n\n<hr class=\"wp-block-separator has-alpha-channel-opacity\"\/>\n","protected":false},"excerpt":{"rendered":"<p>Dentro de la secci\u00f3n: \u00abFundoro\u00a0 los j\u00f3venes y la ciencia en las ondas\u00bb, ALBERTO RELANCIO,\u00a0 Doctor en Filosof\u00eda y coordinador de la did\u00e1ctica m\u00e1s la digitalizaci\u00f3n en Fundoro, y especialista y buen conocedor del tema, es entrevistado por Agapito de Cruz, de Radio La Voz Joven, sobre el que fuera el primer centro de investigaci\u00f3n [&hellip;]<\/p>\n","protected":false},"author":2,"featured_media":54144,"comment_status":"open","ping_status":"open","sticky":false,"template":"","format":"standard","meta":{"footnotes":""},"categories":[18],"tags":[20],"class_list":["post-54143","post","type-post","status-publish","format-standard","has-post-thumbnail","hentry","category-fundoro","tag-fundoro"],"_links":{"self":[{"href":"https:\/\/lavozjoven.laorotava.es\/index.php\/wp-json\/wp\/v2\/posts\/54143","targetHints":{"allow":["GET"]}}],"collection":[{"href":"https:\/\/lavozjoven.laorotava.es\/index.php\/wp-json\/wp\/v2\/posts"}],"about":[{"href":"https:\/\/lavozjoven.laorotava.es\/index.php\/wp-json\/wp\/v2\/types\/post"}],"author":[{"embeddable":true,"href":"https:\/\/lavozjoven.laorotava.es\/index.php\/wp-json\/wp\/v2\/users\/2"}],"replies":[{"embeddable":true,"href":"https:\/\/lavozjoven.laorotava.es\/index.php\/wp-json\/wp\/v2\/comments?post=54143"}],"version-history":[{"count":1,"href":"https:\/\/lavozjoven.laorotava.es\/index.php\/wp-json\/wp\/v2\/posts\/54143\/revisions"}],"predecessor-version":[{"id":54146,"href":"https:\/\/lavozjoven.laorotava.es\/index.php\/wp-json\/wp\/v2\/posts\/54143\/revisions\/54146"}],"wp:featuredmedia":[{"embeddable":true,"href":"https:\/\/lavozjoven.laorotava.es\/index.php\/wp-json\/wp\/v2\/media\/54144"}],"wp:attachment":[{"href":"https:\/\/lavozjoven.laorotava.es\/index.php\/wp-json\/wp\/v2\/media?parent=54143"}],"wp:term":[{"taxonomy":"category","embeddable":true,"href":"https:\/\/lavozjoven.laorotava.es\/index.php\/wp-json\/wp\/v2\/categories?post=54143"},{"taxonomy":"post_tag","embeddable":true,"href":"https:\/\/lavozjoven.laorotava.es\/index.php\/wp-json\/wp\/v2\/tags?post=54143"}],"curies":[{"name":"wp","href":"https:\/\/api.w.org\/{rel}","templated":true}]}}