{"id":53916,"date":"2024-04-17T16:42:53","date_gmt":"2024-04-17T16:42:53","guid":{"rendered":"https:\/\/lavozjoven.laorotava.es\/?p=53916"},"modified":"2024-04-17T16:45:34","modified_gmt":"2024-04-17T16:45:34","slug":"formacion-y-empleo-para-jovenes-nueva-serie-de-programas-de-radio-la-voz-joven","status":"publish","type":"post","link":"https:\/\/lavozjoven.laorotava.es\/index.php\/2024\/04\/17\/formacion-y-empleo-para-jovenes-nueva-serie-de-programas-de-radio-la-voz-joven\/","title":{"rendered":"\u00abFORMACI\u00d3N Y EMPLEO PARA J\u00d3VENES\u00bb, NUEVA SERIE DE PROGRAMAS DE RADIO LA VOZ JOVEN"},"content":{"rendered":"\n<figure class=\"wp-block-embed is-type-video is-provider-youtube wp-block-embed-youtube wp-embed-aspect-16-9 wp-has-aspect-ratio\"><div class=\"wp-block-embed__wrapper\">\n<iframe loading=\"lazy\" title=\"FORMACI\u00d3N Y EMPLEO PARA J\u00d3VENES, NUEVA SERIE DE PROGRAMAS DE RADIO LA VOZ JOVEN\" width=\"640\" height=\"360\" src=\"https:\/\/www.youtube.com\/embed\/Bjh576WGLCM?feature=oembed\" frameborder=\"0\" allow=\"accelerometer; autoplay; clipboard-write; encrypted-media; gyroscope; picture-in-picture; web-share\" referrerpolicy=\"strict-origin-when-cross-origin\" allowfullscreen><\/iframe>\n<\/div><\/figure>\n\n\n\n<p class=\"has-pale-cyan-blue-background-color has-background\">En este primer programa, Pilar Cuadra habla con Malena Rodr\u00edguez sobre PRECE Canarias, Plan de Recuperaci\u00f3n de Empleo y Creaci\u00f3n de Empresas.<\/p>\n\n\n\n<figure class=\"wp-block-gallery has-nested-images columns-default is-cropped wp-block-gallery-1 is-layout-flex wp-block-gallery-is-layout-flex\">\n<figure class=\"wp-block-image size-large\"><img loading=\"lazy\" decoding=\"async\" width=\"576\" height=\"1024\" data-id=\"53918\" src=\"https:\/\/lavozjoven.laorotava.es\/wp-content\/uploads\/2024\/04\/img-20240417-wa0001-576x1024.jpg\" alt=\"\" class=\"wp-image-53918\" srcset=\"https:\/\/lavozjoven.laorotava.es\/wp-content\/uploads\/2024\/04\/img-20240417-wa0001-576x1024.jpg 576w, https:\/\/lavozjoven.laorotava.es\/wp-content\/uploads\/2024\/04\/img-20240417-wa0001-169x300.jpg 169w, https:\/\/lavozjoven.laorotava.es\/wp-content\/uploads\/2024\/04\/img-20240417-wa0001-768x1365.jpg 768w, https:\/\/lavozjoven.laorotava.es\/wp-content\/uploads\/2024\/04\/img-20240417-wa0001-864x1536.jpg 864w, https:\/\/lavozjoven.laorotava.es\/wp-content\/uploads\/2024\/04\/img-20240417-wa0001.jpg 900w\" sizes=\"auto, (max-width: 576px) 100vw, 576px\" \/><\/figure>\n<\/figure>\n\n\n\n<figure class=\"wp-block-image\"><img loading=\"lazy\" decoding=\"async\" width=\"32\" height=\"32\" src=\"https:\/\/lavozjoven.laorotava.es\/wp-content\/uploads\/2024\/04\/image.png\" alt=\"\ud83d\udcdd\" class=\"wp-image-53919\"\/><\/figure>\n\n\n\n<p class=\"has-luminous-vivid-amber-background-color has-background has-large-font-size\">Inscripciones en este enlace<\/p>\n\n\n\n<figure class=\"wp-block-image\"><img loading=\"lazy\" decoding=\"async\" width=\"32\" height=\"32\" src=\"https:\/\/lavozjoven.laorotava.es\/wp-content\/uploads\/2024\/04\/image-1.png\" alt=\"\ud83d\udc47\ud83c\udffc\" class=\"wp-image-53920\"\/><\/figure>\n\n\n\n<p><a href=\"https:\/\/incyde.org\/formacion\/programa\/prece-canarias-programa-de-autoempleo-y-creacion-de-empresas-industrias-culturas-y-creativas-tenerife-2\">https:\/\/incyde.org\/formacion\/programa\/prece-canarias-programa-de-autoempleo-y-creacion-de-empresas-industrias-culturas-y-creativas-tenerife-2<\/a><\/p>\n\n\n\n<hr class=\"wp-block-separator has-alpha-channel-opacity\"\/>\n\n\n\n<p><\/p>\n","protected":false},"excerpt":{"rendered":"<p>En este primer programa, Pilar Cuadra habla con Malena Rodr\u00edguez sobre PRECE Canarias, Plan de Recuperaci\u00f3n de Empleo y Creaci\u00f3n de Empresas. Inscripciones en este enlace https:\/\/incyde.org\/formacion\/programa\/prece-canarias-programa-de-autoempleo-y-creacion-de-empresas-industrias-culturas-y-creativas-tenerife-2<\/p>\n","protected":false},"author":2,"featured_media":53917,"comment_status":"open","ping_status":"open","sticky":false,"template":"","format":"standard","meta":{"footnotes":""},"categories":[44],"tags":[45],"class_list":["post-53916","post","type-post","status-publish","format-standard","has-post-thumbnail","hentry","category-formacion-y-empleo-para-jovenes","tag-formacion-y-empleo-para-jovenes"],"_links":{"self":[{"href":"https:\/\/lavozjoven.laorotava.es\/index.php\/wp-json\/wp\/v2\/posts\/53916","targetHints":{"allow":["GET"]}}],"collection":[{"href":"https:\/\/lavozjoven.laorotava.es\/index.php\/wp-json\/wp\/v2\/posts"}],"about":[{"href":"https:\/\/lavozjoven.laorotava.es\/index.php\/wp-json\/wp\/v2\/types\/post"}],"author":[{"embeddable":true,"href":"https:\/\/lavozjoven.laorotava.es\/index.php\/wp-json\/wp\/v2\/users\/2"}],"replies":[{"embeddable":true,"href":"https:\/\/lavozjoven.laorotava.es\/index.php\/wp-json\/wp\/v2\/comments?post=53916"}],"version-history":[{"count":2,"href":"https:\/\/lavozjoven.laorotava.es\/index.php\/wp-json\/wp\/v2\/posts\/53916\/revisions"}],"predecessor-version":[{"id":53922,"href":"https:\/\/lavozjoven.laorotava.es\/index.php\/wp-json\/wp\/v2\/posts\/53916\/revisions\/53922"}],"wp:featuredmedia":[{"embeddable":true,"href":"https:\/\/lavozjoven.laorotava.es\/index.php\/wp-json\/wp\/v2\/media\/53917"}],"wp:attachment":[{"href":"https:\/\/lavozjoven.laorotava.es\/index.php\/wp-json\/wp\/v2\/media?parent=53916"}],"wp:term":[{"taxonomy":"category","embeddable":true,"href":"https:\/\/lavozjoven.laorotava.es\/index.php\/wp-json\/wp\/v2\/categories?post=53916"},{"taxonomy":"post_tag","embeddable":true,"href":"https:\/\/lavozjoven.laorotava.es\/index.php\/wp-json\/wp\/v2\/tags?post=53916"}],"curies":[{"name":"wp","href":"https:\/\/api.w.org\/{rel}","templated":true}]}}