{"id":53533,"date":"2023-10-25T09:23:54","date_gmt":"2023-10-25T09:23:54","guid":{"rendered":"https:\/\/lavozjoven.laorotava.es\/?p=53533"},"modified":"2023-10-25T09:37:20","modified_gmt":"2023-10-25T09:37:20","slug":"mayores-referentes-programa-de-radio-la-voz-joven","status":"publish","type":"post","link":"https:\/\/lavozjoven.laorotava.es\/index.php\/2023\/10\/25\/mayores-referentes-programa-de-radio-la-voz-joven\/","title":{"rendered":"\u00abMAYORES REFERENTES\u00bb, PROGRAMA DE RADIO LA VOZ JOVEN"},"content":{"rendered":"\n<figure class=\"wp-block-embed is-type-video is-provider-youtube wp-block-embed-youtube wp-embed-aspect-16-9 wp-has-aspect-ratio\"><div class=\"wp-block-embed__wrapper\">\n<iframe loading=\"lazy\" title=\"&quot;MAYORES REFERENTES&quot;, PROGRAMA DE RADIO LA VOZ JOVEN\" width=\"640\" height=\"360\" src=\"https:\/\/www.youtube.com\/embed\/xA6XGGM-mNI?feature=oembed\" frameborder=\"0\" allow=\"accelerometer; autoplay; clipboard-write; encrypted-media; gyroscope; picture-in-picture; web-share\" referrerpolicy=\"strict-origin-when-cross-origin\" allowfullscreen><\/iframe>\n<\/div><\/figure>\n\n\n\n<p>Haciendo gala de la m\u00e1xima de la Casa de la Juventud: \u00abLa juventud no es una etapa de la vida sino un estado del esp\u00edritu\u00bb, la emisora juvenil \u00abRadio La Voz Joven\u00bb se acerc\u00f3 el pasado d\u00eda 18 de octubre de 2023 al Centro Municipal de Mayores de La Orotava, para escuchar a: Am\u00e9rica Gonz\u00e1lez Gonz\u00e1lez, Pedro Luis Exp\u00f3sito, Lali Hern\u00e1ndez Gonz\u00e1lez, Candelaria Hern\u00e1ndez Regalado y Agapito de Cruz Franco. Todos ellos debatieron sobre el mundo de los mayores como portadores y transmisores de nuestra herencia cultural. Contaron con la participaci\u00f3n de la Concejala Delegada de Bienestar Social y Teniente de Alcalde del Ayuntamiento de La Orotava Mar\u00eda Bel\u00e9n Gonz\u00e1lez Rodr\u00edguez, y estuvieron coordinados por la periodista Noem\u00ed Galv\u00e1n.<\/p>\n\n\n\n<p>Realizaci\u00f3n y Producci\u00f3n : A.P.R.E.N.D.E , ( Tom\u00e1s Afonso ) y todo el equipo de Radio La Voz Joven.<\/p>\n\n\n\n<p class=\"has-medium-font-size\"><\/p>\n\n\n\n<p class=\"has-large-font-size\"><strong>GALER\u00cdA FOTOGR\u00c1FICA:<\/strong><\/p>\n\n\n\n<figure class=\"wp-block-gallery has-nested-images columns-default is-cropped wp-block-gallery-1 is-layout-flex wp-block-gallery-is-layout-flex\">\n<figure class=\"wp-block-image size-large\"><img loading=\"lazy\" decoding=\"async\" width=\"1024\" height=\"576\" data-id=\"53539\" src=\"https:\/\/lavozjoven.laorotava.es\/wp-content\/uploads\/2023\/10\/1-1024x576.jpg\" alt=\"\" class=\"wp-image-53539\" srcset=\"https:\/\/lavozjoven.laorotava.es\/wp-content\/uploads\/2023\/10\/1-1024x576.jpg 1024w, https:\/\/lavozjoven.laorotava.es\/wp-content\/uploads\/2023\/10\/1-300x169.jpg 300w, https:\/\/lavozjoven.laorotava.es\/wp-content\/uploads\/2023\/10\/1-768x432.jpg 768w, https:\/\/lavozjoven.laorotava.es\/wp-content\/uploads\/2023\/10\/1-1536x864.jpg 1536w, https:\/\/lavozjoven.laorotava.es\/wp-content\/uploads\/2023\/10\/1.jpg 2048w\" sizes=\"auto, (max-width: 1024px) 100vw, 1024px\" \/><\/figure>\n\n\n\n<figure class=\"wp-block-image size-large\"><img loading=\"lazy\" decoding=\"async\" width=\"1024\" height=\"576\" data-id=\"53542\" src=\"https:\/\/lavozjoven.laorotava.es\/wp-content\/uploads\/2023\/10\/2-1024x576.jpg\" alt=\"\" class=\"wp-image-53542\" srcset=\"https:\/\/lavozjoven.laorotava.es\/wp-content\/uploads\/2023\/10\/2-1024x576.jpg 1024w, https:\/\/lavozjoven.laorotava.es\/wp-content\/uploads\/2023\/10\/2-300x169.jpg 300w, https:\/\/lavozjoven.laorotava.es\/wp-content\/uploads\/2023\/10\/2-768x432.jpg 768w, https:\/\/lavozjoven.laorotava.es\/wp-content\/uploads\/2023\/10\/2-1536x864.jpg 1536w, https:\/\/lavozjoven.laorotava.es\/wp-content\/uploads\/2023\/10\/2.jpg 2048w\" sizes=\"auto, (max-width: 1024px) 100vw, 1024px\" \/><\/figure>\n\n\n\n<figure class=\"wp-block-image size-large\"><img loading=\"lazy\" decoding=\"async\" width=\"1024\" height=\"576\" data-id=\"53535\" src=\"https:\/\/lavozjoven.laorotava.es\/wp-content\/uploads\/2023\/10\/3-1024x576.jpg\" alt=\"\" class=\"wp-image-53535\" srcset=\"https:\/\/lavozjoven.laorotava.es\/wp-content\/uploads\/2023\/10\/3-1024x576.jpg 1024w, https:\/\/lavozjoven.laorotava.es\/wp-content\/uploads\/2023\/10\/3-300x169.jpg 300w, https:\/\/lavozjoven.laorotava.es\/wp-content\/uploads\/2023\/10\/3-768x432.jpg 768w, https:\/\/lavozjoven.laorotava.es\/wp-content\/uploads\/2023\/10\/3-1536x864.jpg 1536w, https:\/\/lavozjoven.laorotava.es\/wp-content\/uploads\/2023\/10\/3.jpg 2048w\" sizes=\"auto, (max-width: 1024px) 100vw, 1024px\" \/><\/figure>\n\n\n\n<figure class=\"wp-block-image size-large\"><img loading=\"lazy\" decoding=\"async\" width=\"1024\" height=\"576\" data-id=\"53540\" src=\"https:\/\/lavozjoven.laorotava.es\/wp-content\/uploads\/2023\/10\/4-1024x576.jpg\" alt=\"\" class=\"wp-image-53540\" srcset=\"https:\/\/lavozjoven.laorotava.es\/wp-content\/uploads\/2023\/10\/4-1024x576.jpg 1024w, https:\/\/lavozjoven.laorotava.es\/wp-content\/uploads\/2023\/10\/4-300x169.jpg 300w, https:\/\/lavozjoven.laorotava.es\/wp-content\/uploads\/2023\/10\/4-768x432.jpg 768w, https:\/\/lavozjoven.laorotava.es\/wp-content\/uploads\/2023\/10\/4-1536x864.jpg 1536w, https:\/\/lavozjoven.laorotava.es\/wp-content\/uploads\/2023\/10\/4.jpg 2048w\" sizes=\"auto, (max-width: 1024px) 100vw, 1024px\" \/><\/figure>\n\n\n\n<figure class=\"wp-block-image size-large\"><img loading=\"lazy\" decoding=\"async\" width=\"1024\" height=\"576\" data-id=\"53536\" src=\"https:\/\/lavozjoven.laorotava.es\/wp-content\/uploads\/2023\/10\/5-1024x576.jpg\" alt=\"\" class=\"wp-image-53536\" srcset=\"https:\/\/lavozjoven.laorotava.es\/wp-content\/uploads\/2023\/10\/5-1024x576.jpg 1024w, https:\/\/lavozjoven.laorotava.es\/wp-content\/uploads\/2023\/10\/5-300x169.jpg 300w, https:\/\/lavozjoven.laorotava.es\/wp-content\/uploads\/2023\/10\/5-768x432.jpg 768w, https:\/\/lavozjoven.laorotava.es\/wp-content\/uploads\/2023\/10\/5-1536x864.jpg 1536w, https:\/\/lavozjoven.laorotava.es\/wp-content\/uploads\/2023\/10\/5.jpg 2048w\" sizes=\"auto, (max-width: 1024px) 100vw, 1024px\" \/><\/figure>\n\n\n\n<figure class=\"wp-block-image size-large\"><img loading=\"lazy\" decoding=\"async\" width=\"2048\" height=\"1152\" data-id=\"53538\" src=\"https:\/\/lavozjoven.laorotava.es\/wp-content\/uploads\/2023\/10\/6-1024x576.jpg\" alt=\"\" class=\"wp-image-53538\" srcset=\"https:\/\/lavozjoven.laorotava.es\/wp-content\/uploads\/2023\/10\/6-1024x576.jpg 1024w, https:\/\/lavozjoven.laorotava.es\/wp-content\/uploads\/2023\/10\/6-300x169.jpg 300w, https:\/\/lavozjoven.laorotava.es\/wp-content\/uploads\/2023\/10\/6-768x432.jpg 768w, https:\/\/lavozjoven.laorotava.es\/wp-content\/uploads\/2023\/10\/6-1536x864.jpg 1536w, https:\/\/lavozjoven.laorotava.es\/wp-content\/uploads\/2023\/10\/6.jpg 2048w\" sizes=\"auto, (max-width: 2048px) 100vw, 2048px\" \/><\/figure>\n\n\n\n<figure class=\"wp-block-image size-large\"><img loading=\"lazy\" decoding=\"async\" width=\"1024\" height=\"576\" data-id=\"53543\" src=\"https:\/\/lavozjoven.laorotava.es\/wp-content\/uploads\/2023\/10\/7-1024x576.jpg\" alt=\"\" class=\"wp-image-53543\" srcset=\"https:\/\/lavozjoven.laorotava.es\/wp-content\/uploads\/2023\/10\/7-1024x576.jpg 1024w, https:\/\/lavozjoven.laorotava.es\/wp-content\/uploads\/2023\/10\/7-300x169.jpg 300w, https:\/\/lavozjoven.laorotava.es\/wp-content\/uploads\/2023\/10\/7-768x432.jpg 768w, https:\/\/lavozjoven.laorotava.es\/wp-content\/uploads\/2023\/10\/7-1536x864.jpg 1536w, https:\/\/lavozjoven.laorotava.es\/wp-content\/uploads\/2023\/10\/7.jpg 2048w\" sizes=\"auto, (max-width: 1024px) 100vw, 1024px\" \/><\/figure>\n\n\n\n<figure class=\"wp-block-image size-large\"><img loading=\"lazy\" decoding=\"async\" width=\"1024\" height=\"576\" data-id=\"53537\" src=\"https:\/\/lavozjoven.laorotava.es\/wp-content\/uploads\/2023\/10\/8-1024x576.jpg\" alt=\"\" class=\"wp-image-53537\" srcset=\"https:\/\/lavozjoven.laorotava.es\/wp-content\/uploads\/2023\/10\/8-1024x576.jpg 1024w, https:\/\/lavozjoven.laorotava.es\/wp-content\/uploads\/2023\/10\/8-300x169.jpg 300w, https:\/\/lavozjoven.laorotava.es\/wp-content\/uploads\/2023\/10\/8-768x432.jpg 768w, https:\/\/lavozjoven.laorotava.es\/wp-content\/uploads\/2023\/10\/8-1536x864.jpg 1536w, https:\/\/lavozjoven.laorotava.es\/wp-content\/uploads\/2023\/10\/8.jpg 2048w\" sizes=\"auto, (max-width: 1024px) 100vw, 1024px\" \/><\/figure>\n\n\n\n<figure class=\"wp-block-image size-large\"><img loading=\"lazy\" decoding=\"async\" width=\"1024\" height=\"576\" data-id=\"53541\" src=\"https:\/\/lavozjoven.laorotava.es\/wp-content\/uploads\/2023\/10\/9-1024x576.jpg\" alt=\"\" class=\"wp-image-53541\" srcset=\"https:\/\/lavozjoven.laorotava.es\/wp-content\/uploads\/2023\/10\/9-1024x576.jpg 1024w, https:\/\/lavozjoven.laorotava.es\/wp-content\/uploads\/2023\/10\/9-300x169.jpg 300w, https:\/\/lavozjoven.laorotava.es\/wp-content\/uploads\/2023\/10\/9-768x432.jpg 768w, https:\/\/lavozjoven.laorotava.es\/wp-content\/uploads\/2023\/10\/9-1536x864.jpg 1536w, https:\/\/lavozjoven.laorotava.es\/wp-content\/uploads\/2023\/10\/9.jpg 2048w\" sizes=\"auto, (max-width: 1024px) 100vw, 1024px\" \/><\/figure>\n<\/figure>\n\n\n\n<hr class=\"wp-block-separator has-alpha-channel-opacity\"\/>\n","protected":false},"excerpt":{"rendered":"<p>Haciendo gala de la m\u00e1xima de la Casa de la Juventud: \u00abLa juventud no es una etapa de la vida sino un estado del esp\u00edritu\u00bb, la emisora juvenil \u00abRadio La Voz Joven\u00bb se acerc\u00f3 el pasado d\u00eda 18 de octubre de 2023 al Centro Municipal de Mayores de La Orotava, para escuchar a: Am\u00e9rica Gonz\u00e1lez [&hellip;]<\/p>\n","protected":false},"author":2,"featured_media":53534,"comment_status":"open","ping_status":"open","sticky":false,"template":"","format":"standard","meta":{"footnotes":""},"categories":[19],"tags":[30],"class_list":["post-53533","post","type-post","status-publish","format-standard","has-post-thumbnail","hentry","category-charlas","tag-charlas"],"_links":{"self":[{"href":"https:\/\/lavozjoven.laorotava.es\/index.php\/wp-json\/wp\/v2\/posts\/53533","targetHints":{"allow":["GET"]}}],"collection":[{"href":"https:\/\/lavozjoven.laorotava.es\/index.php\/wp-json\/wp\/v2\/posts"}],"about":[{"href":"https:\/\/lavozjoven.laorotava.es\/index.php\/wp-json\/wp\/v2\/types\/post"}],"author":[{"embeddable":true,"href":"https:\/\/lavozjoven.laorotava.es\/index.php\/wp-json\/wp\/v2\/users\/2"}],"replies":[{"embeddable":true,"href":"https:\/\/lavozjoven.laorotava.es\/index.php\/wp-json\/wp\/v2\/comments?post=53533"}],"version-history":[{"count":3,"href":"https:\/\/lavozjoven.laorotava.es\/index.php\/wp-json\/wp\/v2\/posts\/53533\/revisions"}],"predecessor-version":[{"id":53546,"href":"https:\/\/lavozjoven.laorotava.es\/index.php\/wp-json\/wp\/v2\/posts\/53533\/revisions\/53546"}],"wp:featuredmedia":[{"embeddable":true,"href":"https:\/\/lavozjoven.laorotava.es\/index.php\/wp-json\/wp\/v2\/media\/53534"}],"wp:attachment":[{"href":"https:\/\/lavozjoven.laorotava.es\/index.php\/wp-json\/wp\/v2\/media?parent=53533"}],"wp:term":[{"taxonomy":"category","embeddable":true,"href":"https:\/\/lavozjoven.laorotava.es\/index.php\/wp-json\/wp\/v2\/categories?post=53533"},{"taxonomy":"post_tag","embeddable":true,"href":"https:\/\/lavozjoven.laorotava.es\/index.php\/wp-json\/wp\/v2\/tags?post=53533"}],"curies":[{"name":"wp","href":"https:\/\/api.w.org\/{rel}","templated":true}]}}