{"id":38324,"date":"2023-05-04T17:24:06","date_gmt":"2023-05-04T17:24:06","guid":{"rendered":"https:\/\/lavozjoven.laorotava.es\/?p=38324"},"modified":"2023-05-04T17:36:02","modified_gmt":"2023-05-04T17:36:02","slug":"recreacion-historica-del-joven-artista-orotavense-victor-dominguez-gonzalez","status":"publish","type":"post","link":"https:\/\/lavozjoven.laorotava.es\/index.php\/2023\/05\/04\/recreacion-historica-del-joven-artista-orotavense-victor-dominguez-gonzalez\/","title":{"rendered":"\u00abRECREACI\u00d3N HIST\u00d3RICA\u00bb del joven artista orotavense V\u00cdCTOR DOM\u00cdNGUEZ GONZ\u00c1LEZ."},"content":{"rendered":"\n<figure class=\"wp-block-embed is-type-video is-provider-youtube wp-block-embed-youtube wp-embed-aspect-16-9 wp-has-aspect-ratio\"><div class=\"wp-block-embed__wrapper\">\n<iframe loading=\"lazy\" title=\"&quot;RECREACI\u00d3N HIST\u00d3RICA&quot; del joven artista orotavense V\u00cdCTOR DOM\u00cdNGUEZ GONZ\u00c1LEZ\" width=\"640\" height=\"360\" src=\"https:\/\/www.youtube.com\/embed\/7OTnw1dDzok?feature=oembed\" frameborder=\"0\" allow=\"accelerometer; autoplay; clipboard-write; encrypted-media; gyroscope; picture-in-picture; web-share\" referrerpolicy=\"strict-origin-when-cross-origin\" allowfullscreen><\/iframe>\n<\/div><\/figure>\n\n\n\n<p>Entrevista al joven artista orotavense V\u00edctor Dom\u00ednguez Gonz\u00e1lez, por su exposici\u00f3n en la casa de la juventud de la Orotava, entrevistado por Aday Carballo y Catalina Santos.<\/p>\n\n\n\n<p class=\"has-large-font-size\"><strong>GALERIA DE FOTOS<\/strong><\/p>\n\n\n\n<figure class=\"wp-block-gallery has-nested-images columns-default is-cropped wp-block-gallery-1 is-layout-flex wp-block-gallery-is-layout-flex\">\n<figure class=\"wp-block-image size-large\"><img loading=\"lazy\" decoding=\"async\" width=\"769\" height=\"1024\" data-id=\"38396\" src=\"https:\/\/lavozjoven.laorotava.es\/wp-content\/uploads\/2023\/05\/img_20230503_162904-769x1024.jpg\" alt=\"\" class=\"wp-image-38396\" srcset=\"https:\/\/lavozjoven.laorotava.es\/wp-content\/uploads\/2023\/05\/img_20230503_162904-769x1024.jpg 769w, https:\/\/lavozjoven.laorotava.es\/wp-content\/uploads\/2023\/05\/img_20230503_162904-225x300.jpg 225w, https:\/\/lavozjoven.laorotava.es\/wp-content\/uploads\/2023\/05\/img_20230503_162904-768x1023.jpg 768w, https:\/\/lavozjoven.laorotava.es\/wp-content\/uploads\/2023\/05\/img_20230503_162904-1153x1536.jpg 1153w, https:\/\/lavozjoven.laorotava.es\/wp-content\/uploads\/2023\/05\/img_20230503_162904-1538x2048.jpg 1538w, https:\/\/lavozjoven.laorotava.es\/wp-content\/uploads\/2023\/05\/img_20230503_162904-scaled.jpg 1922w\" sizes=\"auto, (max-width: 769px) 100vw, 769px\" \/><\/figure>\n\n\n\n<figure class=\"wp-block-image size-large\"><img loading=\"lazy\" decoding=\"async\" width=\"769\" height=\"1024\" data-id=\"38398\" src=\"https:\/\/lavozjoven.laorotava.es\/wp-content\/uploads\/2023\/05\/img_20230503_162922-769x1024.jpg\" alt=\"\" class=\"wp-image-38398\" srcset=\"https:\/\/lavozjoven.laorotava.es\/wp-content\/uploads\/2023\/05\/img_20230503_162922-769x1024.jpg 769w, https:\/\/lavozjoven.laorotava.es\/wp-content\/uploads\/2023\/05\/img_20230503_162922-225x300.jpg 225w, https:\/\/lavozjoven.laorotava.es\/wp-content\/uploads\/2023\/05\/img_20230503_162922-768x1023.jpg 768w, https:\/\/lavozjoven.laorotava.es\/wp-content\/uploads\/2023\/05\/img_20230503_162922-1153x1536.jpg 1153w, https:\/\/lavozjoven.laorotava.es\/wp-content\/uploads\/2023\/05\/img_20230503_162922-1538x2048.jpg 1538w, https:\/\/lavozjoven.laorotava.es\/wp-content\/uploads\/2023\/05\/img_20230503_162922-scaled.jpg 1922w\" sizes=\"auto, (max-width: 769px) 100vw, 769px\" \/><\/figure>\n\n\n\n<figure class=\"wp-block-image size-large\"><img loading=\"lazy\" decoding=\"async\" width=\"769\" height=\"1024\" data-id=\"38399\" src=\"https:\/\/lavozjoven.laorotava.es\/wp-content\/uploads\/2023\/05\/img_20230503_162930-769x1024.jpg\" alt=\"\" class=\"wp-image-38399\" srcset=\"https:\/\/lavozjoven.laorotava.es\/wp-content\/uploads\/2023\/05\/img_20230503_162930-769x1024.jpg 769w, https:\/\/lavozjoven.laorotava.es\/wp-content\/uploads\/2023\/05\/img_20230503_162930-225x300.jpg 225w, https:\/\/lavozjoven.laorotava.es\/wp-content\/uploads\/2023\/05\/img_20230503_162930-768x1023.jpg 768w, https:\/\/lavozjoven.laorotava.es\/wp-content\/uploads\/2023\/05\/img_20230503_162930-1153x1536.jpg 1153w, https:\/\/lavozjoven.laorotava.es\/wp-content\/uploads\/2023\/05\/img_20230503_162930-1538x2048.jpg 1538w, https:\/\/lavozjoven.laorotava.es\/wp-content\/uploads\/2023\/05\/img_20230503_162930-scaled.jpg 1922w\" sizes=\"auto, (max-width: 769px) 100vw, 769px\" \/><\/figure>\n\n\n\n<figure class=\"wp-block-image size-large\"><img loading=\"lazy\" decoding=\"async\" width=\"769\" height=\"1024\" data-id=\"38395\" src=\"https:\/\/lavozjoven.laorotava.es\/wp-content\/uploads\/2023\/05\/img_20230503_162946-769x1024.jpg\" alt=\"\" class=\"wp-image-38395\" srcset=\"https:\/\/lavozjoven.laorotava.es\/wp-content\/uploads\/2023\/05\/img_20230503_162946-769x1024.jpg 769w, https:\/\/lavozjoven.laorotava.es\/wp-content\/uploads\/2023\/05\/img_20230503_162946-225x300.jpg 225w, https:\/\/lavozjoven.laorotava.es\/wp-content\/uploads\/2023\/05\/img_20230503_162946-768x1023.jpg 768w, https:\/\/lavozjoven.laorotava.es\/wp-content\/uploads\/2023\/05\/img_20230503_162946-1153x1536.jpg 1153w, https:\/\/lavozjoven.laorotava.es\/wp-content\/uploads\/2023\/05\/img_20230503_162946-1538x2048.jpg 1538w, https:\/\/lavozjoven.laorotava.es\/wp-content\/uploads\/2023\/05\/img_20230503_162946-scaled.jpg 1922w\" sizes=\"auto, (max-width: 769px) 100vw, 769px\" \/><\/figure>\n\n\n\n<figure class=\"wp-block-image size-large\"><img loading=\"lazy\" decoding=\"async\" width=\"769\" height=\"1024\" data-id=\"38403\" src=\"https:\/\/lavozjoven.laorotava.es\/wp-content\/uploads\/2023\/05\/img_20230503_163000-769x1024.jpg\" alt=\"\" class=\"wp-image-38403\" srcset=\"https:\/\/lavozjoven.laorotava.es\/wp-content\/uploads\/2023\/05\/img_20230503_163000-769x1024.jpg 769w, https:\/\/lavozjoven.laorotava.es\/wp-content\/uploads\/2023\/05\/img_20230503_163000-225x300.jpg 225w, https:\/\/lavozjoven.laorotava.es\/wp-content\/uploads\/2023\/05\/img_20230503_163000-768x1023.jpg 768w, https:\/\/lavozjoven.laorotava.es\/wp-content\/uploads\/2023\/05\/img_20230503_163000-1153x1536.jpg 1153w, https:\/\/lavozjoven.laorotava.es\/wp-content\/uploads\/2023\/05\/img_20230503_163000-1538x2048.jpg 1538w, https:\/\/lavozjoven.laorotava.es\/wp-content\/uploads\/2023\/05\/img_20230503_163000-scaled.jpg 1922w\" sizes=\"auto, (max-width: 769px) 100vw, 769px\" \/><\/figure>\n\n\n\n<figure class=\"wp-block-image size-large\"><img loading=\"lazy\" decoding=\"async\" width=\"769\" height=\"1024\" data-id=\"38401\" src=\"https:\/\/lavozjoven.laorotava.es\/wp-content\/uploads\/2023\/05\/img_20230503_163012-769x1024.jpg\" alt=\"\" class=\"wp-image-38401\" srcset=\"https:\/\/lavozjoven.laorotava.es\/wp-content\/uploads\/2023\/05\/img_20230503_163012-769x1024.jpg 769w, https:\/\/lavozjoven.laorotava.es\/wp-content\/uploads\/2023\/05\/img_20230503_163012-225x300.jpg 225w, https:\/\/lavozjoven.laorotava.es\/wp-content\/uploads\/2023\/05\/img_20230503_163012-768x1023.jpg 768w, https:\/\/lavozjoven.laorotava.es\/wp-content\/uploads\/2023\/05\/img_20230503_163012-1153x1536.jpg 1153w, https:\/\/lavozjoven.laorotava.es\/wp-content\/uploads\/2023\/05\/img_20230503_163012-1538x2048.jpg 1538w, https:\/\/lavozjoven.laorotava.es\/wp-content\/uploads\/2023\/05\/img_20230503_163012-scaled.jpg 1922w\" sizes=\"auto, (max-width: 769px) 100vw, 769px\" \/><\/figure>\n\n\n\n<figure class=\"wp-block-image size-large\"><img loading=\"lazy\" decoding=\"async\" width=\"1024\" height=\"769\" data-id=\"38402\" src=\"https:\/\/lavozjoven.laorotava.es\/wp-content\/uploads\/2023\/05\/img_20230503_163031-1024x769.jpg\" alt=\"\" class=\"wp-image-38402\" srcset=\"https:\/\/lavozjoven.laorotava.es\/wp-content\/uploads\/2023\/05\/img_20230503_163031-1024x769.jpg 1024w, https:\/\/lavozjoven.laorotava.es\/wp-content\/uploads\/2023\/05\/img_20230503_163031-300x225.jpg 300w, https:\/\/lavozjoven.laorotava.es\/wp-content\/uploads\/2023\/05\/img_20230503_163031-768x577.jpg 768w, https:\/\/lavozjoven.laorotava.es\/wp-content\/uploads\/2023\/05\/img_20230503_163031-1536x1153.jpg 1536w, https:\/\/lavozjoven.laorotava.es\/wp-content\/uploads\/2023\/05\/img_20230503_163031-2048x1538.jpg 2048w\" sizes=\"auto, (max-width: 1024px) 100vw, 1024px\" \/><\/figure>\n\n\n\n<figure class=\"wp-block-image size-large\"><img loading=\"lazy\" decoding=\"async\" width=\"1024\" height=\"769\" data-id=\"38397\" src=\"https:\/\/lavozjoven.laorotava.es\/wp-content\/uploads\/2023\/05\/img_20230503_163046-1024x769.jpg\" alt=\"\" class=\"wp-image-38397\" srcset=\"https:\/\/lavozjoven.laorotava.es\/wp-content\/uploads\/2023\/05\/img_20230503_163046-1024x769.jpg 1024w, https:\/\/lavozjoven.laorotava.es\/wp-content\/uploads\/2023\/05\/img_20230503_163046-300x225.jpg 300w, https:\/\/lavozjoven.laorotava.es\/wp-content\/uploads\/2023\/05\/img_20230503_163046-768x577.jpg 768w, https:\/\/lavozjoven.laorotava.es\/wp-content\/uploads\/2023\/05\/img_20230503_163046-1536x1153.jpg 1536w, https:\/\/lavozjoven.laorotava.es\/wp-content\/uploads\/2023\/05\/img_20230503_163046-2048x1538.jpg 2048w\" sizes=\"auto, (max-width: 1024px) 100vw, 1024px\" \/><\/figure>\n\n\n\n<figure class=\"wp-block-image size-large\"><img loading=\"lazy\" decoding=\"async\" width=\"769\" height=\"1024\" data-id=\"38400\" src=\"https:\/\/lavozjoven.laorotava.es\/wp-content\/uploads\/2023\/05\/img_20230503_163102-769x1024.jpg\" alt=\"\" class=\"wp-image-38400\" srcset=\"https:\/\/lavozjoven.laorotava.es\/wp-content\/uploads\/2023\/05\/img_20230503_163102-769x1024.jpg 769w, https:\/\/lavozjoven.laorotava.es\/wp-content\/uploads\/2023\/05\/img_20230503_163102-225x300.jpg 225w, https:\/\/lavozjoven.laorotava.es\/wp-content\/uploads\/2023\/05\/img_20230503_163102-768x1023.jpg 768w, https:\/\/lavozjoven.laorotava.es\/wp-content\/uploads\/2023\/05\/img_20230503_163102-1153x1536.jpg 1153w, https:\/\/lavozjoven.laorotava.es\/wp-content\/uploads\/2023\/05\/img_20230503_163102-1538x2048.jpg 1538w, https:\/\/lavozjoven.laorotava.es\/wp-content\/uploads\/2023\/05\/img_20230503_163102-scaled.jpg 1922w\" sizes=\"auto, (max-width: 769px) 100vw, 769px\" \/><\/figure>\n<\/figure>\n\n\n\n<blockquote class=\"wp-block-quote is-layout-flow wp-block-quote-is-layout-flow\">\n<p>Derechos de autor: V\u00edctor Dom\u00ednguez Gonz\u00e1lez.<\/p>\n<\/blockquote>\n","protected":false},"excerpt":{"rendered":"<p>Entrevista al joven artista orotavense V\u00edctor Dom\u00ednguez Gonz\u00e1lez, por su exposici\u00f3n en la casa de la juventud de la Orotava, entrevistado por Aday Carballo y Catalina Santos. GALERIA DE FOTOS Derechos de autor: V\u00edctor Dom\u00ednguez Gonz\u00e1lez.<\/p>\n","protected":false},"author":2,"featured_media":38405,"comment_status":"open","ping_status":"open","sticky":false,"template":"","format":"standard","meta":{"footnotes":""},"categories":[27],"tags":[26],"class_list":["post-38324","post","type-post","status-publish","format-standard","has-post-thumbnail","hentry","category-la-hora-de-aday","tag-entrevista"],"_links":{"self":[{"href":"https:\/\/lavozjoven.laorotava.es\/index.php\/wp-json\/wp\/v2\/posts\/38324","targetHints":{"allow":["GET"]}}],"collection":[{"href":"https:\/\/lavozjoven.laorotava.es\/index.php\/wp-json\/wp\/v2\/posts"}],"about":[{"href":"https:\/\/lavozjoven.laorotava.es\/index.php\/wp-json\/wp\/v2\/types\/post"}],"author":[{"embeddable":true,"href":"https:\/\/lavozjoven.laorotava.es\/index.php\/wp-json\/wp\/v2\/users\/2"}],"replies":[{"embeddable":true,"href":"https:\/\/lavozjoven.laorotava.es\/index.php\/wp-json\/wp\/v2\/comments?post=38324"}],"version-history":[{"count":2,"href":"https:\/\/lavozjoven.laorotava.es\/index.php\/wp-json\/wp\/v2\/posts\/38324\/revisions"}],"predecessor-version":[{"id":38429,"href":"https:\/\/lavozjoven.laorotava.es\/index.php\/wp-json\/wp\/v2\/posts\/38324\/revisions\/38429"}],"wp:featuredmedia":[{"embeddable":true,"href":"https:\/\/lavozjoven.laorotava.es\/index.php\/wp-json\/wp\/v2\/media\/38405"}],"wp:attachment":[{"href":"https:\/\/lavozjoven.laorotava.es\/index.php\/wp-json\/wp\/v2\/media?parent=38324"}],"wp:term":[{"taxonomy":"category","embeddable":true,"href":"https:\/\/lavozjoven.laorotava.es\/index.php\/wp-json\/wp\/v2\/categories?post=38324"},{"taxonomy":"post_tag","embeddable":true,"href":"https:\/\/lavozjoven.laorotava.es\/index.php\/wp-json\/wp\/v2\/tags?post=38324"}],"curies":[{"name":"wp","href":"https:\/\/api.w.org\/{rel}","templated":true}]}}