{"id":20180,"date":"2022-12-09T11:00:08","date_gmt":"2022-12-09T11:00:08","guid":{"rendered":"https:\/\/lavozjoven.laorotava.es\/?p=20180"},"modified":"2022-12-09T18:03:38","modified_gmt":"2022-12-09T18:03:38","slug":"fundoro-la-ciencia-y-los-jovenes-en-las-ondas-ii-la-altura-del-teide","status":"publish","type":"post","link":"https:\/\/lavozjoven.laorotava.es\/index.php\/2022\/12\/09\/fundoro-la-ciencia-y-los-jovenes-en-las-ondas-ii-la-altura-del-teide\/","title":{"rendered":"FUNDORO: LA CIENCIA Y LOS J\u00d3VENES EN LAS ONDAS (II). LA ALTURA DEL TEIDE."},"content":{"rendered":"\n<p><\/p>\n\n\n\n<figure class=\"wp-block-embed is-type-video is-provider-youtube wp-block-embed-youtube wp-embed-aspect-16-9 wp-has-aspect-ratio\"><div class=\"wp-block-embed__wrapper\">\n<iframe loading=\"lazy\" title=\"FUNDORO: LA CIENCIA Y LOS J\u00d3VENES EN LAS ONDAS (II) LA ALTURA DEL TEIDE.\" width=\"640\" height=\"360\" src=\"https:\/\/www.youtube.com\/embed\/QZq6Q42Q7bQ?feature=oembed\" frameborder=\"0\" allow=\"accelerometer; autoplay; clipboard-write; encrypted-media; gyroscope; picture-in-picture; web-share\" referrerpolicy=\"strict-origin-when-cross-origin\" allowfullscreen><\/iframe>\n<\/div><\/figure>\n\n\n\n<p>Antonio Hern\u00e1ndez, profesor de la Fundaci\u00f3n Canaria Orotava de Historia de la Ciencia (FUNDORO), es entrevistado por Laura Hern\u00e1ndez, acompa\u00f1ada de Agapito de Cruz, sobre las diferentes mediciones llevadas a cabo del Teide a lo largo de la historia.<\/p>\n\n\n\n<p><\/p>\n\n\n\n<hr class=\"wp-block-separator has-alpha-channel-opacity\"\/>\n","protected":false},"excerpt":{"rendered":"<p>Antonio Hern\u00e1ndez, profesor de la Fundaci\u00f3n Canaria Orotava de Historia de la Ciencia (FUNDORO), es entrevistado por Laura Hern\u00e1ndez, acompa\u00f1ada de Agapito de Cruz, sobre las diferentes mediciones llevadas a cabo del Teide a lo largo de la historia.<\/p>\n","protected":false},"author":2,"featured_media":20107,"comment_status":"open","ping_status":"open","sticky":false,"template":"","format":"standard","meta":{"footnotes":""},"categories":[18],"tags":[20],"class_list":["post-20180","post","type-post","status-publish","format-standard","has-post-thumbnail","hentry","category-fundoro","tag-fundoro"],"_links":{"self":[{"href":"https:\/\/lavozjoven.laorotava.es\/index.php\/wp-json\/wp\/v2\/posts\/20180","targetHints":{"allow":["GET"]}}],"collection":[{"href":"https:\/\/lavozjoven.laorotava.es\/index.php\/wp-json\/wp\/v2\/posts"}],"about":[{"href":"https:\/\/lavozjoven.laorotava.es\/index.php\/wp-json\/wp\/v2\/types\/post"}],"author":[{"embeddable":true,"href":"https:\/\/lavozjoven.laorotava.es\/index.php\/wp-json\/wp\/v2\/users\/2"}],"replies":[{"embeddable":true,"href":"https:\/\/lavozjoven.laorotava.es\/index.php\/wp-json\/wp\/v2\/comments?post=20180"}],"version-history":[{"count":4,"href":"https:\/\/lavozjoven.laorotava.es\/index.php\/wp-json\/wp\/v2\/posts\/20180\/revisions"}],"predecessor-version":[{"id":20408,"href":"https:\/\/lavozjoven.laorotava.es\/index.php\/wp-json\/wp\/v2\/posts\/20180\/revisions\/20408"}],"wp:featuredmedia":[{"embeddable":true,"href":"https:\/\/lavozjoven.laorotava.es\/index.php\/wp-json\/wp\/v2\/media\/20107"}],"wp:attachment":[{"href":"https:\/\/lavozjoven.laorotava.es\/index.php\/wp-json\/wp\/v2\/media?parent=20180"}],"wp:term":[{"taxonomy":"category","embeddable":true,"href":"https:\/\/lavozjoven.laorotava.es\/index.php\/wp-json\/wp\/v2\/categories?post=20180"},{"taxonomy":"post_tag","embeddable":true,"href":"https:\/\/lavozjoven.laorotava.es\/index.php\/wp-json\/wp\/v2\/tags?post=20180"}],"curies":[{"name":"wp","href":"https:\/\/api.w.org\/{rel}","templated":true}]}}